{"id":271,"date":"2019-03-08T13:03:17","date_gmt":"2019-03-08T13:03:17","guid":{"rendered":"http:\/\/www.rodrigobetancursa.com\/blog\/?p=271"},"modified":"2019-03-08T13:03:53","modified_gmt":"2019-03-08T13:03:53","slug":"8-de-marzo-dia-internacional-de-la-mujer","status":"publish","type":"post","link":"https:\/\/www.rodrigobetancursa.com\/blog\/?p=271","title":{"rendered":"8 de Marzo- D\u00eda Internacional de la Mujer"},"content":{"rendered":"\n<p class=\"wp-block-paragraph\">El D\u00eda Internacional de la Mujer es una fecha que se celebra en muchos pa\u00edses del mundo. Cuando las mujeres de todos los continentes, a menudo separadas por fronteras nacionales y diferencias \u00e9tnicas, ling\u00fc\u00edsticas, culturales, econ\u00f3micas y pol\u00edticas, se unen para celebrar su d\u00eda, pueden contemplar una tradici\u00f3n de no menos de noventa a\u00f1os de lucha en pro de la igualdad, la justicia, la paz y el desarrollo.<\/p>\n\n\n\n<p class=\"wp-block-paragraph\">El D\u00eda Internacional de la Mujer se refiere a las mujeres corrientes como art\u00edfices de la historia  en la lucha  por participar en la sociedad en pie de igualdad con el hombre. En la antigua Grecia, Lis\u00edstrata empez\u00f3 una huelga sexual contra los hombres para poner fin a la guerra; en la Revoluci\u00f3n Francesa, las parisienses que ped\u00edan &#8220;libertad, igualdad y fraternidad&#8221; marcharon hacia Versalles para exigir el sufragio femenino.<\/p>\n\n\n\n<p class=\"wp-block-paragraph\">La idea de un d\u00eda internacional de la mujer surgi\u00f3 al final del siglo XIX, que fue, en el mundo industrializado, un per\u00edodo de expansi\u00f3n y turbulencia, crecimiento fulgurante de la poblaci\u00f3n e ideolog\u00edas radicales.<\/p>\n\n\n\n<p class=\"wp-block-paragraph\">La Carta de las Naciones Unidas, firmada en 1945, fue el primer acuerdo internacional para afirmar el principio de igualdad entre mujeres y hombres. Desde entonces, la ONU ha ayudado a crear un legado hist\u00f3rico de estrategias, normas, programas y objetivos acordados internacionalmente para mejorar la condici\u00f3n de las mujeres en todo el mundo.<\/p>\n\n\n\n<p class=\"wp-block-paragraph\">Con los a\u00f1os, la ONU y sus organismos t\u00e9cnicos han promovido la participaci\u00f3n de las mujeres en condiciones de igualdad con los hombres en el logro del desarrollo sostenible, la paz, la seguridad y el pleno respeto de los derechos humanos. El empoderamiento de la mujer sigue siendo un elemento central de los esfuerzos de la Organizaci\u00f3n para hacer frente a los desaf\u00edos sociales, econ\u00f3micos y pol\u00edticos en todo el mundo.<\/p>\n\n\n\n<figure class=\"wp-block-image\"><img loading=\"lazy\" decoding=\"async\" width=\"1024\" height=\"519\" src=\"http:\/\/www.rodrigobetancursa.com\/blog\/wp-content\/uploads\/2019\/03\/MUJER2019_-1024x519.jpg\" alt=\"\" class=\"wp-image-274\" srcset=\"https:\/\/www.rodrigobetancursa.com\/blog\/wp-content\/uploads\/2019\/03\/MUJER2019_-1024x519.jpg 1024w, https:\/\/www.rodrigobetancursa.com\/blog\/wp-content\/uploads\/2019\/03\/MUJER2019_-300x152.jpg 300w, https:\/\/www.rodrigobetancursa.com\/blog\/wp-content\/uploads\/2019\/03\/MUJER2019_-768x389.jpg 768w, https:\/\/www.rodrigobetancursa.com\/blog\/wp-content\/uploads\/2019\/03\/MUJER2019_-660x335.jpg 660w\" sizes=\"auto, (max-width: 1024px) 100vw, 1024px\" \/><\/figure>\n","protected":false},"excerpt":{"rendered":"<p>El D\u00eda Internacional de la Mujer es una fecha que se celebra en muchos pa\u00edses del mundo. Cuando las mujeres de todos los continentes, a menudo separadas por fronteras nacionales y diferencias \u00e9tnicas, ling\u00fc\u00edsticas, culturales, econ\u00f3micas y pol\u00edticas, se unen para celebrar su d\u00eda, pueden contemplar una tradici\u00f3n de no menos de noventa a\u00f1os de [&hellip;]<\/p>\n","protected":false},"author":1,"featured_media":0,"comment_status":"closed","ping_status":"open","sticky":false,"template":"","format":"standard","meta":{"footnotes":""},"categories":[1],"tags":[],"class_list":["post-271","post","type-post","status-publish","format-standard","hentry","category-publicaciones"],"_links":{"self":[{"href":"https:\/\/www.rodrigobetancursa.com\/blog\/index.php?rest_route=\/wp\/v2\/posts\/271","targetHints":{"allow":["GET"]}}],"collection":[{"href":"https:\/\/www.rodrigobetancursa.com\/blog\/index.php?rest_route=\/wp\/v2\/posts"}],"about":[{"href":"https:\/\/www.rodrigobetancursa.com\/blog\/index.php?rest_route=\/wp\/v2\/types\/post"}],"author":[{"embeddable":true,"href":"https:\/\/www.rodrigobetancursa.com\/blog\/index.php?rest_route=\/wp\/v2\/users\/1"}],"replies":[{"embeddable":true,"href":"https:\/\/www.rodrigobetancursa.com\/blog\/index.php?rest_route=%2Fwp%2Fv2%2Fcomments&post=271"}],"version-history":[{"count":2,"href":"https:\/\/www.rodrigobetancursa.com\/blog\/index.php?rest_route=\/wp\/v2\/posts\/271\/revisions"}],"predecessor-version":[{"id":275,"href":"https:\/\/www.rodrigobetancursa.com\/blog\/index.php?rest_route=\/wp\/v2\/posts\/271\/revisions\/275"}],"wp:attachment":[{"href":"https:\/\/www.rodrigobetancursa.com\/blog\/index.php?rest_route=%2Fwp%2Fv2%2Fmedia&parent=271"}],"wp:term":[{"taxonomy":"category","embeddable":true,"href":"https:\/\/www.rodrigobetancursa.com\/blog\/index.php?rest_route=%2Fwp%2Fv2%2Fcategories&post=271"},{"taxonomy":"post_tag","embeddable":true,"href":"https:\/\/www.rodrigobetancursa.com\/blog\/index.php?rest_route=%2Fwp%2Fv2%2Ftags&post=271"}],"curies":[{"name":"wp","href":"https:\/\/api.w.org\/{rel}","templated":true}]}}